{"id":785,"date":"2026-04-03T14:34:56","date_gmt":"2026-04-03T14:34:56","guid":{"rendered":"https:\/\/blog.kj-psychotherapie-saloga.de\/Watson\/?p=785"},"modified":"2026-04-03T14:34:56","modified_gmt":"2026-04-03T14:34:56","slug":"nicht-gleich-%e2%8c%bf-ungleich-%e2%8c%bf-oder-doch-alle-gleich","status":"publish","type":"post","link":"https:\/\/blog.kj-psychotherapie-saloga.de\/Watson\/uncategorized\/nicht-gleich-%e2%8c%bf-ungleich-%e2%8c%bf-oder-doch-alle-gleich\/","title":{"rendered":"Nicht gleich  \u233f  ungleich  \u233f  oder doch alle gleich?"},"content":{"rendered":"\n<p>Was f\u00fcr eine Frage? Ist sie nicht hinreichend in Art. 3 GG gekl\u00e4rt?<br><br> &#8230;und wieviel &#8222;<em>gleich<\/em>&#8220; ist denn gleich? Und ist &#8222;<em>ungleich<\/em>&#8220; vielleicht das neue gleich? Sind Sherlock und sein neurotypischer Sitznachbar in der Schule gleich? Muss\/soll man sie gleich behandeln? Oder gibt es doch Unterschiede, also Unterschiede, die zu ber\u00fccksichtigen sind!? <br><br>Was, wenn wir einfach mal sagen w\u00fcrden: alle Menschen sind <em>ungleich<\/em>, alle Menschen sind <em>individuell<\/em> in ihrer Pers\u00f6nlichkeit, ihrem Charakter, ihren Besonderheiten&#8230;<br>Daraus w\u00fcrde folgen&#8230; Logiker, die wir sind&#8230;, dass auch neurodiverse Menschen nicht gleich sind &#8211; und eben der vorerw\u00e4hnte Sitznachbar nicht gleich ist mit Sherlock, und sie somit auch nicht gleich behandelt werden sollen\/k\u00f6nnen. <br><br>Aber was bedeutet dabei gleich? Oder auch <em>gleich behandelt werden<\/em>? Wer oder was gibt den Ma\u00dfstab daf\u00fcr an &#8211; insbesondere im Schulalltag? Die gute Laune der Bezugsperson, pers\u00f6nliches <em>Gef\u00fchl,<\/em> <em>p\u00e4dagogisches<\/em> Ermessen oder die Mitsch\u00fcler?<br><br>Ein Satz aus einem Nachteilsausgleich f\u00fcr einen Sch\u00fcler macht das Dilemma in vieler Hinsicht deutlich:<br>&#8222;<em>Kommunikative Einschr\u00e4nkungen k\u00f6nnen in p\u00e4dagogischem Ermessen zur\u00fcckhaltend bewertet werden.&#8220;<\/em><br><br>Ein sch\u00f6ner Satz, der auf den ersten Blick jedem jede Freiheit l\u00e4sst. <br>Oder vielleicht doch nicht&#8230;?<br>&#8222;<em>k\u00f6nnen&#8220;<\/em> hei\u00dft in diesem Zusammenhang die Erlaubnis des Abweichens von geltenden Schulnormen, &#8222;<em>zur\u00fcckhaltend&#8220;<\/em> meint, dass die eingeschr\u00e4nkten M\u00f6glichkeiten des Sch\u00fclers zu ber\u00fccksichtigen sind, und wie stark &#8211; und nicht etwa, ob \u00fcberhaupt &#8211; etwas ber\u00fccksichtigt wird, liegt &#8222;<em>in p\u00e4dagogischem Ermessen&#8220;.<\/em><br>Also keineswegs alle gleich, und Abweichungen k\u00f6nnen und d\u00fcrfen abweichend beurteilt und behandelt werden!<\/p>\n\n\n\n<p>Eine Abweichung bezeichnet eine Regelwidrigkeit oder einen Antagonismus. Doch was ist, wenn ich behaupte, dass \u201eDie Regel\u201c die \u201eAnomalie\u201c ist und nicht die Eigenarten und Abweichungen selber? Wenn die alles gleich machende Regel l\u00e4ngst \u00fcberholt ist&#8230; Wenn Menschen gar nicht gleich sind, gar nicht gleich, sondern Individuen mit Eigenheiten, St\u00e4rken und Schw\u00e4chen sein wollen?<br>Bei der ganzen Diskussion geht es n\u00e4mlich um den Wunsch nach Akzeptanz, das \u201eGesehen-werden-wie-ich-bin\u201c. Das Problem der Abgrenzung entsteht somit nicht aus aktiver Ablehnung der einen oder anderen Seite, aber aus einem passiven Unverst\u00e4ndnis, einem \u201eAneinander-vorbei-reden\u201c beider Seiten. Es geht n\u00e4mlich nicht darum, eine Seite zu anderem Denken oder Handeln zu bringen, das w\u00fcrde auch den Wunsch nach Akzeptanz des eigenen \u201eIch\u201c verfehlen. Es geht um \u201epositive Devianz\u201c, d.h. den Gedankens zu realisieren, dass Normabweichungen durchaus Fortschritt und Innovation erm\u00f6glichen k\u00f6nnen. Bestehende Theorien oder Regeln werden in Frage gestellt, um so eine Weiterentwicklung und\/oder soziale Verbesserung zu erreichen.<\/p>\n\n\n\n<p><\/p>\n","protected":false},"excerpt":{"rendered":"<p>Was f\u00fcr eine Frage? Ist sie nicht hinreichend in Art. 3 GG gekl\u00e4rt? &#8230;und wieviel &#8222;gleich&#8220; ist denn gleich? Und ist &#8222;ungleich&#8220; vielleicht das neue gleich? Sind Sherlock und sein neurotypischer Sitznachbar in der Schule gleich? Muss\/soll man sie gleich &hellip; <a href=\"https:\/\/blog.kj-psychotherapie-saloga.de\/Watson\/uncategorized\/nicht-gleich-%e2%8c%bf-ungleich-%e2%8c%bf-oder-doch-alle-gleich\/\">Weiterlesen <span class=\"meta-nav\">&rarr;<\/span><\/a><\/p>\n","protected":false},"author":2,"featured_media":0,"comment_status":"open","ping_status":"open","sticky":false,"template":"","format":"standard","meta":{"_jetpack_memberships_contains_paid_content":false,"footnotes":"","jetpack_publicize_message":"","jetpack_publicize_feature_enabled":true,"jetpack_social_post_already_shared":true,"jetpack_social_options":{"image_generator_settings":{"template":"highway","default_image_id":0,"font":"","enabled":false},"version":2}},"categories":[1],"tags":[],"class_list":["post-785","post","type-post","status-publish","format-standard","hentry","category-uncategorized"],"jetpack_publicize_connections":[],"jetpack_featured_media_url":"","jetpack_sharing_enabled":true,"_links":{"self":[{"href":"https:\/\/blog.kj-psychotherapie-saloga.de\/Watson\/wp-json\/wp\/v2\/posts\/785","targetHints":{"allow":["GET"]}}],"collection":[{"href":"https:\/\/blog.kj-psychotherapie-saloga.de\/Watson\/wp-json\/wp\/v2\/posts"}],"about":[{"href":"https:\/\/blog.kj-psychotherapie-saloga.de\/Watson\/wp-json\/wp\/v2\/types\/post"}],"author":[{"embeddable":true,"href":"https:\/\/blog.kj-psychotherapie-saloga.de\/Watson\/wp-json\/wp\/v2\/users\/2"}],"replies":[{"embeddable":true,"href":"https:\/\/blog.kj-psychotherapie-saloga.de\/Watson\/wp-json\/wp\/v2\/comments?post=785"}],"version-history":[{"count":28,"href":"https:\/\/blog.kj-psychotherapie-saloga.de\/Watson\/wp-json\/wp\/v2\/posts\/785\/revisions"}],"predecessor-version":[{"id":822,"href":"https:\/\/blog.kj-psychotherapie-saloga.de\/Watson\/wp-json\/wp\/v2\/posts\/785\/revisions\/822"}],"wp:attachment":[{"href":"https:\/\/blog.kj-psychotherapie-saloga.de\/Watson\/wp-json\/wp\/v2\/media?parent=785"}],"wp:term":[{"taxonomy":"category","embeddable":true,"href":"https:\/\/blog.kj-psychotherapie-saloga.de\/Watson\/wp-json\/wp\/v2\/categories?post=785"},{"taxonomy":"post_tag","embeddable":true,"href":"https:\/\/blog.kj-psychotherapie-saloga.de\/Watson\/wp-json\/wp\/v2\/tags?post=785"}],"curies":[{"name":"wp","href":"https:\/\/api.w.org\/{rel}","templated":true}]}}