{"id":554,"date":"2025-07-17T18:18:55","date_gmt":"2025-07-17T18:18:55","guid":{"rendered":"https:\/\/blog.kj-psychotherapie-saloga.de\/Watson\/?p=554"},"modified":"2025-07-17T18:18:56","modified_gmt":"2025-07-17T18:18:56","slug":"moegen-haett-ich-schon-wollen-aber-duerfen-hab-ich-mich-nicht-getraut","status":"publish","type":"post","link":"https:\/\/blog.kj-psychotherapie-saloga.de\/Watson\/uncategorized\/moegen-haett-ich-schon-wollen-aber-duerfen-hab-ich-mich-nicht-getraut\/","title":{"rendered":"&#8222;M\u00f6gen h\u00e4tt ich schon wollen, aber d\u00fcrfen hab ich mich nicht getraut!&#8220;\u00a0"},"content":{"rendered":"\n<p>Vor einiger Zeit kam Sherlock zu mir mit einer Idee, die er verwirklichen wollte &#8230; nicht ganz einfach, mit einigen H\u00fcrden, aber durchaus machbar.<br><br>Aber auch mit dem Kommentar:<br>&#8222;<em>Ich bin \u00fcberzeugt, ich kann es, aber ich wei\u00df, dass ich es nicht kann. Ich schiebe es vor mir her, obwohl ich denke, das Richtige zu tun, aber nicht wei\u00df wie. Am Kreuzungspunkt dieser zwei Str\u00e4nge steht wie immer mal wieder der Kontakt mit fremden Menschen beziehungsweise fremden Reaktionen\/Erwartungen<\/em>&#8222;.<br><br>Steckt mein Freund da in einem Gedankenkonflikt, der sich durch klares Denken aufl\u00f6sen lassen w\u00fcrde? Oder ist dieser Konflikt tats\u00e4chlich da und muss irgendwie geschickt umschifft werden? Eindeutig klar ist, dass eine rein sachliche, logisch fundierte L\u00f6sung zwar angenehm aussieht, aber keine wirkliche L\u00f6sung bietet. Denn, wie Sherlock ja auch sagt, solange er sich selbst nicht 100-prozentig \u00fcberzeugt hat, geht auch nichts vorw\u00e4rts.<\/p>\n\n\n\n<p>Und das kann schwer werden. Es geht hier n\u00e4mlich nicht um die bekannte und allseits beliebte &#8222;Prokrastination&#8220;, sondern um die tats\u00e4chliche Unm\u00f6glichkeit&#8230; Nicht eine dauerhafte im Sinne von &#8222;unf\u00e4hig sein&#8220;, sondern eine f\u00fcr diese Situation zutreffende.<br>Und &#8211; Eltern aufgepasst &#8211; dabei hilft auch nicht ein als Anregung gemeinter Satz wie: <em>wenn du jetzt nicht langsam damit anf\u00e4ngst, dann ist es bald sowieso zu sp\u00e4t<\/em>. So etwas treibt keineswegs zur Eile an, sondern &#8211; ganz im Gegenteil &#8211; \u00f6ffnet  eine zus\u00e4tzliche Lage an gedanklichen Fragen&#8230;<\/p>\n\n\n\n<p> Maria Montessoris &#8222;<em>Hilf mir, es selbst zu tun<\/em>&#8220; ist da wahrscheinlich die einzig sinnvolle Unterst\u00fctzung. Beantworte meine Fragen und dann lass mich machen&#8230;<\/p>\n","protected":false},"excerpt":{"rendered":"<p>Vor einiger Zeit kam Sherlock zu mir mit einer Idee, die er verwirklichen wollte &#8230; nicht ganz einfach, mit einigen H\u00fcrden, aber durchaus machbar. Aber auch mit dem Kommentar:&#8222;Ich bin \u00fcberzeugt, ich kann es, aber ich wei\u00df, dass ich es &hellip; <a href=\"https:\/\/blog.kj-psychotherapie-saloga.de\/Watson\/uncategorized\/moegen-haett-ich-schon-wollen-aber-duerfen-hab-ich-mich-nicht-getraut\/\">Weiterlesen <span class=\"meta-nav\">&rarr;<\/span><\/a><\/p>\n","protected":false},"author":2,"featured_media":0,"comment_status":"open","ping_status":"open","sticky":false,"template":"","format":"standard","meta":{"_jetpack_memberships_contains_paid_content":false,"footnotes":"","jetpack_publicize_message":"","jetpack_publicize_feature_enabled":true,"jetpack_social_post_already_shared":false,"jetpack_social_options":{"image_generator_settings":{"template":"highway","default_image_id":0,"font":"","enabled":false},"version":2}},"categories":[1],"tags":[],"class_list":["post-554","post","type-post","status-publish","format-standard","hentry","category-uncategorized"],"jetpack_publicize_connections":[],"jetpack_featured_media_url":"","jetpack_sharing_enabled":true,"_links":{"self":[{"href":"https:\/\/blog.kj-psychotherapie-saloga.de\/Watson\/wp-json\/wp\/v2\/posts\/554","targetHints":{"allow":["GET"]}}],"collection":[{"href":"https:\/\/blog.kj-psychotherapie-saloga.de\/Watson\/wp-json\/wp\/v2\/posts"}],"about":[{"href":"https:\/\/blog.kj-psychotherapie-saloga.de\/Watson\/wp-json\/wp\/v2\/types\/post"}],"author":[{"embeddable":true,"href":"https:\/\/blog.kj-psychotherapie-saloga.de\/Watson\/wp-json\/wp\/v2\/users\/2"}],"replies":[{"embeddable":true,"href":"https:\/\/blog.kj-psychotherapie-saloga.de\/Watson\/wp-json\/wp\/v2\/comments?post=554"}],"version-history":[{"count":11,"href":"https:\/\/blog.kj-psychotherapie-saloga.de\/Watson\/wp-json\/wp\/v2\/posts\/554\/revisions"}],"predecessor-version":[{"id":574,"href":"https:\/\/blog.kj-psychotherapie-saloga.de\/Watson\/wp-json\/wp\/v2\/posts\/554\/revisions\/574"}],"wp:attachment":[{"href":"https:\/\/blog.kj-psychotherapie-saloga.de\/Watson\/wp-json\/wp\/v2\/media?parent=554"}],"wp:term":[{"taxonomy":"category","embeddable":true,"href":"https:\/\/blog.kj-psychotherapie-saloga.de\/Watson\/wp-json\/wp\/v2\/categories?post=554"},{"taxonomy":"post_tag","embeddable":true,"href":"https:\/\/blog.kj-psychotherapie-saloga.de\/Watson\/wp-json\/wp\/v2\/tags?post=554"}],"curies":[{"name":"wp","href":"https:\/\/api.w.org\/{rel}","templated":true}]}}